{"id":34044,"date":"2025-06-06T14:15:02","date_gmt":"2025-06-06T18:15:02","guid":{"rendered":"https:\/\/navybikeride.ca\/?p=34044"},"modified":"2025-06-06T14:15:06","modified_gmt":"2025-06-06T18:15:06","slug":"benevoles-lhistoire-de-jeanine","status":"publish","type":"post","link":"https:\/\/navybikeride.ca\/fr\/benevoles-lhistoire-de-jeanine\/","title":{"rendered":"B\u00e9n\u00e9voles : L&rsquo;histoire de Jeanine"},"content":{"rendered":"\n<p>Jeanine Mader se d\u00e9crit volontiers comme une \u00ab accro au b\u00e9n\u00e9volat \u00bb.<\/p>\n\n\n\n<p>Ancienne membre de l\u2019Aviation royale canadienne et membre de la L\u00e9gion royale canadienne, Jeanine est b\u00e9n\u00e9vole pour le D\u00e9fi-v\u00e9lo de la Marine (DVM) depuis plusieurs ann\u00e9es. Elle a \u00e9galement offert son temps pour la Course de l\u2019Aviation royale canadienne et la Course de l\u2019Arm\u00e9e du Canada.<\/p>\n\n\n\n<p>Elle a commenc\u00e9 \u00e0 faire du b\u00e9n\u00e9volat pour le DVM par l\u2019interm\u00e9diaire de la L\u00e9gion royale canadienne. La filiale 632 d\u2019Orl\u00e9ans de la L\u00e9gion a fourni des b\u00e9n\u00e9voles pour l\u2019\u00e9v\u00e9nement en personne \u00e0 Ottawa au cours des trois derni\u00e8res ann\u00e9es.<\/p>\n\n\n\n<p>\u00ab J\u2019adore faire du b\u00e9n\u00e9volat \u00bb, dit Jeanine. \u00ab Lorsque la Direction nationale m\u2019a demand\u00e9 il y a quelques ann\u00e9es de distribuer des articles de la L\u00e9gion, j\u2019ai saut\u00e9 sur l\u2019occasion. Les gens adorent les articles gratuits, et j\u2019aime rencontrer de nouvelles personnes. \u00bb<\/p>\n\n\n\n<p>L\u2019ann\u00e9e derni\u00e8re, Jeanine a aid\u00e9 \u00e0 distribuer les m\u00e9dailles de fin de parcours aux coureurs, marcheurs et cyclistes lors de l\u2019\u00e9v\u00e9nement \u00e0 Ottawa.<\/p>\n\n\n\n<p>\u00ab C\u2019\u00e9tait vraiment amusant \u00bb, dit-elle. \u00ab C\u2019\u00e9tait un moment fort pour moi, car j\u2019ai pu f\u00e9liciter de nombreuses personnes \u2013 dont une de mes Guides. J\u2019\u00e9tais tr\u00e8s fi\u00e8re d\u2019elle. \u00bb<\/p>\n\n\n\n<p>Jeanine a travaill\u00e9 pour la Marine royale canadienne pendant plus de 25 ans comme agente des achats. Elle a servi sept ans dans l\u2019Aviation royale canadienne, tandis que son mari a servi dans l\u2019Arm\u00e9e canadienne.<\/p>\n\n\n\n<p>Jeanine s\u2019est enr\u00f4l\u00e9e dans les Forces arm\u00e9es en 1974. Elle a suivi l\u2019instruction de base \u00e0 Saint-Jean-sur-Richelieu, au Qu\u00e9bec, puis a suivi un cours de technicienne en approvisionnement \u00e0 la base des Forces canadiennes (BFC) Borden. Sa premi\u00e8re affectation a \u00e9t\u00e9 \u00e0 la BFC Uplands \u00e0 Ottawa, o\u00f9 elle faisait des saisies informatiques et achetait des pi\u00e8ces de v\u00e9hicules pour la flotte militaire.<\/p>\n\n\n\n<p>Jeanine a ensuite effectu\u00e9 une mission au Moyen-Orient, o\u00f9 elle a \u00e9t\u00e9 bless\u00e9e. \u00ab Je ne regrette toujours pas d\u2019y \u00eatre all\u00e9e \u00bb, dit-elle. \u00ab Au moins, j\u2019ai pu revenir chez moi. D\u2019autres n\u2019ont pas eu cette chance. \u00bb<\/p>\n\n\n\n<p>Apr\u00e8s sa mission, Jeanine est retourn\u00e9e \u00e0 Ottawa pendant quelques mois. Elle a ensuite \u00e9t\u00e9 affect\u00e9e au D\u00e9p\u00f4t de munitions des Forces canadiennes (DMFC) de Dundurn, en Saskatchewan, o\u00f9 elle a rencontr\u00e9 son mari actuel, Garth. \u00c0 Dundurn, elle travaillait dans l\u2019entrep\u00f4t, \u00e0 la r\u00e9ception des marchandises, et faisait aussi des saisies informatiques.<\/p>\n\n\n\n<p>Par la suite, elle a \u00e9t\u00e9 affect\u00e9e \u00e0 la BFC Petawawa, o\u00f9 elle a travaill\u00e9 au D\u00e9p\u00f4t de mat\u00e9riel m\u00e9dical canadien (DMMC), dans l\u2019atelier d\u2019outillage. C\u2019est \u00e0 cette p\u00e9riode que Jeanine et son mari ont commenc\u00e9 leur famille. Leurs deux gar\u00e7ons sont n\u00e9s \u00e0 Petawawa, et Jeanine a d\u00e9cid\u00e9 de quitter l\u2019arm\u00e9e pour \u00e9lever ses enfants.<\/p>\n\n\n\n<p>Les Mader ont ensuite \u00e9t\u00e9 affect\u00e9s \u00e0 Montr\u00e9al, puis ont finalement d\u00e9m\u00e9nag\u00e9 \u00e0 Ottawa. Ils vivent \u00e0 Orl\u00e9ans depuis 1987.<\/p>\n\n\n\n<p>Jeanine a rejoint la L\u00e9gion royale canadienne en 2007. On lui a demand\u00e9 d\u2019assumer le r\u00f4le de responsable de l\u2019\u00e9ducation des jeunes, un poste qu\u2019elle occupe toujours aujourd\u2019hui. Elle a \u00e9galement \u00e9t\u00e9 troisi\u00e8me, deuxi\u00e8me, puis premi\u00e8re vice-pr\u00e9sidente de sa filiale.<\/p>\n\n\n\n<figure class=\"wp-block-pullquote has-ast-global-color-1-background-color has-background has-small-font-size\" style=\"border-style:none;border-width:0px;border-radius:9px;padding-top:var(--wp--preset--spacing--20);padding-bottom:var(--wp--preset--spacing--20)\"><blockquote><p><strong><em>\u00ab Je crois fermement que les anciens combattants devraient aider d\u2019autres anciens combattants, dans la mesure du possible \u00bb <\/em><\/strong><\/p><cite>&#8211; Jeanine Mader<\/cite><\/blockquote><\/figure>\n\n\n\n<p>\u00ab C\u2019est pourquoi je fais aussi du b\u00e9n\u00e9volat au Centre de sant\u00e9 Perley [un centre de soins pour a\u00een\u00e9s et anciens combattants \u00e0 Ottawa]. J\u2019adore passer du temps avec nos anciens combattants plus \u00e2g\u00e9s. Ils sont tous tr\u00e8s sp\u00e9ciaux pour moi. \u00bb<\/p>\n\n\n\n<p>Nous sommes tr\u00e8s reconnaissants envers des b\u00e9n\u00e9voles comme Jeanine Mader, qui nous aident \u00e0 faire de nos \u00e9v\u00e9nements un succ\u00e8s et \u00e0 b\u00e2tir une communaut\u00e9 exceptionnelle. Pour savoir comment vous pouvez faire du b\u00e9n\u00e9volat lors du prochain D\u00e9fi-v\u00e9lo de la Marine (DVM) \u00e0 Ottawa, contactez Susan Sloan \u00e0 l\u2019adresse sloan.susan@cfmws.com.<\/p>\n\n\n\n<p><\/p>\n","protected":false},"excerpt":{"rendered":"<p>Jeanine Mader se d\u00e9crit volontiers comme une \u00ab accro au b\u00e9n\u00e9volat \u00bb. Ancienne membre de l\u2019Aviation royale canadienne et membre [&hellip;]<\/p>\n","protected":false},"author":1448,"featured_media":34042,"comment_status":"closed","ping_status":"closed","sticky":false,"template":"","format":"standard","meta":{"site-sidebar-layout":"default","site-content-layout":"","ast-site-content-layout":"default","site-content-style":"default","site-sidebar-style":"default","ast-global-header-display":"","ast-banner-title-visibility":"","ast-main-header-display":"","ast-hfb-above-header-display":"","ast-hfb-below-header-display":"","ast-hfb-mobile-header-display":"","site-post-title":"","ast-breadcrumbs-content":"","ast-featured-img":"","footer-sml-layout":"","ast-disable-related-posts":"","theme-transparent-header-meta":"","adv-header-id-meta":"","stick-header-meta":"","header-above-stick-meta":"","header-main-stick-meta":"","header-below-stick-meta":"","astra-migrate-meta-layouts":"set","ast-page-background-enabled":"default","ast-page-background-meta":{"desktop":{"background-color":"","background-image":"","background-repeat":"repeat","background-position":"center center","background-size":"auto","background-attachment":"scroll","background-type":"","background-media":"","overlay-type":"","overlay-color":"","overlay-opacity":"","overlay-gradient":""},"tablet":{"background-color":"","background-image":"","background-repeat":"repeat","background-position":"center center","background-size":"auto","background-attachment":"scroll","background-type":"","background-media":"","overlay-type":"","overlay-color":"","overlay-opacity":"","overlay-gradient":""},"mobile":{"background-color":"","background-image":"","background-repeat":"repeat","background-position":"center center","background-size":"auto","background-attachment":"scroll","background-type":"","background-media":"","overlay-type":"","overlay-color":"","overlay-opacity":"","overlay-gradient":""}},"ast-content-background-meta":{"desktop":{"background-color":"var(--ast-global-color-5)","background-image":"","background-repeat":"repeat","background-position":"center center","background-size":"auto","background-attachment":"scroll","background-type":"","background-media":"","overlay-type":"","overlay-color":"","overlay-opacity":"","overlay-gradient":""},"tablet":{"background-color":"var(--ast-global-color-5)","background-image":"","background-repeat":"repeat","background-position":"center center","background-size":"auto","background-attachment":"scroll","background-type":"","background-media":"","overlay-type":"","overlay-color":"","overlay-opacity":"","overlay-gradient":""},"mobile":{"background-color":"var(--ast-global-color-5)","background-image":"","background-repeat":"repeat","background-position":"center center","background-size":"auto","background-attachment":"scroll","background-type":"","background-media":"","overlay-type":"","overlay-color":"","overlay-opacity":"","overlay-gradient":""}},"footnotes":""},"categories":[1],"tags":[],"class_list":["post-34044","post","type-post","status-publish","format-standard","has-post-thumbnail","hentry","category-non-classifiee"],"yoast_head":"<!-- This site is optimized with the Yoast SEO Premium plugin v27.4 (Yoast SEO v27.5) - https:\/\/yoast.com\/product\/yoast-seo-premium-wordpress\/ -->\n<title>B\u00e9n\u00e9voles : L&#039;histoire de Jeanine - Navy Bike Ride | D\u00e9fi\u2011v\u00e9lo de la Marine<\/title>\n<meta name=\"description\" content=\"Catch the latest Navy Bike Ride news and updates \u2014 including event announcements, fundraiser highlights, cycling community stories, and charity impact across Canada.\" \/>\n<meta name=\"robots\" content=\"index, follow, max-snippet:-1, max-image-preview:large, max-video-preview:-1\" \/>\n<link rel=\"canonical\" href=\"https:\/\/navybikeride.ca\/fr\/benevoles-lhistoire-de-jeanine\/\" \/>\n<meta property=\"og:locale\" content=\"fr_CA\" \/>\n<meta property=\"og:type\" content=\"article\" \/>\n<meta property=\"og:title\" content=\"B\u00e9n\u00e9voles : L&#039;histoire de Jeanine\" \/>\n<meta property=\"og:description\" content=\"Get the latest updates from Navy Bike Ride \u2014 events, fundraisers, and stories supporting the Royal Canadian Navy and cycling community.\" \/>\n<meta property=\"og:url\" content=\"https:\/\/navybikeride.ca\/fr\/benevoles-lhistoire-de-jeanine\/\" \/>\n<meta property=\"og:site_name\" content=\"Navy Bike Ride | D\u00e9fi\u2011v\u00e9lo de la Marine\" \/>\n<meta property=\"article:publisher\" content=\"https:\/\/www.facebook.com\/NBRDVM\/\" \/>\n<meta property=\"article:published_time\" content=\"2025-06-06T18:15:02+00:00\" \/>\n<meta property=\"article:modified_time\" content=\"2025-06-06T18:15:06+00:00\" \/>\n<meta property=\"og:image\" content=\"https:\/\/navybikeride.ca\/wp-content\/uploads\/2025\/06\/25NBR_Jeanine-Mader-volunteer.png\" \/>\n\t<meta property=\"og:image:width\" content=\"600\" \/>\n\t<meta property=\"og:image:height\" content=\"552\" \/>\n\t<meta property=\"og:image:type\" content=\"image\/png\" \/>\n<meta name=\"author\" content=\"Ola Roksana\" \/>\n<meta name=\"twitter:card\" content=\"summary_large_image\" \/>\n<meta name=\"twitter:creator\" content=\"@navybikeride\" \/>\n<meta name=\"twitter:site\" content=\"@navybikeride\" \/>\n<meta name=\"twitter:label1\" content=\"\u00c9crit par\" \/>\n\t<meta name=\"twitter:data1\" content=\"Ola Roksana\" \/>\n\t<meta name=\"twitter:label2\" content=\"Estimation du temps de lecture\" \/>\n\t<meta name=\"twitter:data2\" content=\"3 minutes\" \/>\n<script type=\"application\/ld+json\" class=\"yoast-schema-graph\">{\"@context\":\"https:\\\/\\\/schema.org\",\"@graph\":[{\"@type\":\"Article\",\"@id\":\"https:\\\/\\\/navybikeride.ca\\\/fr\\\/benevoles-lhistoire-de-jeanine\\\/#article\",\"isPartOf\":{\"@id\":\"https:\\\/\\\/navybikeride.ca\\\/fr\\\/benevoles-lhistoire-de-jeanine\\\/\"},\"author\":{\"name\":\"Ola Roksana\",\"@id\":\"https:\\\/\\\/navybikeride.ca\\\/fr\\\/#\\\/schema\\\/person\\\/40346e57c6db23c89490a733c4d9ae2b\"},\"headline\":\"B\u00e9n\u00e9voles : L&rsquo;histoire de Jeanine\",\"datePublished\":\"2025-06-06T18:15:02+00:00\",\"dateModified\":\"2025-06-06T18:15:06+00:00\",\"mainEntityOfPage\":{\"@id\":\"https:\\\/\\\/navybikeride.ca\\\/fr\\\/benevoles-lhistoire-de-jeanine\\\/\"},\"wordCount\":706,\"publisher\":{\"@id\":\"https:\\\/\\\/navybikeride.ca\\\/fr\\\/#organization\"},\"image\":{\"@id\":\"https:\\\/\\\/navybikeride.ca\\\/fr\\\/benevoles-lhistoire-de-jeanine\\\/#primaryimage\"},\"thumbnailUrl\":\"https:\\\/\\\/navybikeride.ca\\\/wp-content\\\/uploads\\\/2025\\\/06\\\/25NBR_Jeanine-Mader-volunteer.png\",\"articleSection\":[\"Non classifi\u00e9(e)\"],\"inLanguage\":\"fr-CA\"},{\"@type\":\"WebPage\",\"@id\":\"https:\\\/\\\/navybikeride.ca\\\/fr\\\/benevoles-lhistoire-de-jeanine\\\/\",\"url\":\"https:\\\/\\\/navybikeride.ca\\\/fr\\\/benevoles-lhistoire-de-jeanine\\\/\",\"name\":\"B\u00e9n\u00e9voles : L'histoire de Jeanine - Navy Bike Ride | D\u00e9fi\u2011v\u00e9lo de la Marine\",\"isPartOf\":{\"@id\":\"https:\\\/\\\/navybikeride.ca\\\/fr\\\/#website\"},\"primaryImageOfPage\":{\"@id\":\"https:\\\/\\\/navybikeride.ca\\\/fr\\\/benevoles-lhistoire-de-jeanine\\\/#primaryimage\"},\"image\":{\"@id\":\"https:\\\/\\\/navybikeride.ca\\\/fr\\\/benevoles-lhistoire-de-jeanine\\\/#primaryimage\"},\"thumbnailUrl\":\"https:\\\/\\\/navybikeride.ca\\\/wp-content\\\/uploads\\\/2025\\\/06\\\/25NBR_Jeanine-Mader-volunteer.png\",\"datePublished\":\"2025-06-06T18:15:02+00:00\",\"dateModified\":\"2025-06-06T18:15:06+00:00\",\"description\":\"Catch the latest Navy Bike Ride news and updates \u2014 including event announcements, fundraiser highlights, cycling community stories, and charity impact across Canada.\",\"breadcrumb\":{\"@id\":\"https:\\\/\\\/navybikeride.ca\\\/fr\\\/benevoles-lhistoire-de-jeanine\\\/#breadcrumb\"},\"inLanguage\":\"fr-CA\",\"potentialAction\":[{\"@type\":\"ReadAction\",\"target\":[\"https:\\\/\\\/navybikeride.ca\\\/fr\\\/benevoles-lhistoire-de-jeanine\\\/\"]}]},{\"@type\":\"ImageObject\",\"inLanguage\":\"fr-CA\",\"@id\":\"https:\\\/\\\/navybikeride.ca\\\/fr\\\/benevoles-lhistoire-de-jeanine\\\/#primaryimage\",\"url\":\"https:\\\/\\\/navybikeride.ca\\\/wp-content\\\/uploads\\\/2025\\\/06\\\/25NBR_Jeanine-Mader-volunteer.png\",\"contentUrl\":\"https:\\\/\\\/navybikeride.ca\\\/wp-content\\\/uploads\\\/2025\\\/06\\\/25NBR_Jeanine-Mader-volunteer.png\",\"width\":600,\"height\":552},{\"@type\":\"BreadcrumbList\",\"@id\":\"https:\\\/\\\/navybikeride.ca\\\/fr\\\/benevoles-lhistoire-de-jeanine\\\/#breadcrumb\",\"itemListElement\":[{\"@type\":\"ListItem\",\"position\":1,\"name\":\"Accueil\",\"item\":\"https:\\\/\\\/navybikeride.ca\\\/fr\\\/accueil\\\/\"},{\"@type\":\"ListItem\",\"position\":2,\"name\":\"B\u00e9n\u00e9voles : L&#8217;histoire de Jeanine\"}]},{\"@type\":\"WebSite\",\"@id\":\"https:\\\/\\\/navybikeride.ca\\\/fr\\\/#website\",\"url\":\"https:\\\/\\\/navybikeride.ca\\\/fr\\\/\",\"name\":\"Navy Bike Ride | D\u00e9fi\u2011v\u00e9lo de la Marine\",\"description\":\"One Navy Strong | Une\u00a0Marine Unie et Forte\",\"publisher\":{\"@id\":\"https:\\\/\\\/navybikeride.ca\\\/fr\\\/#organization\"},\"potentialAction\":[{\"@type\":\"SearchAction\",\"target\":{\"@type\":\"EntryPoint\",\"urlTemplate\":\"https:\\\/\\\/navybikeride.ca\\\/fr\\\/?s={search_term_string}\"},\"query-input\":{\"@type\":\"PropertyValueSpecification\",\"valueRequired\":true,\"valueName\":\"search_term_string\"}}],\"inLanguage\":\"fr-CA\"},{\"@type\":\"Organization\",\"@id\":\"https:\\\/\\\/navybikeride.ca\\\/fr\\\/#organization\",\"name\":\"Navy Bike Ride | D\u00e9fi\u2011v\u00e9lo de la Marine\",\"url\":\"https:\\\/\\\/navybikeride.ca\\\/fr\\\/\",\"logo\":{\"@type\":\"ImageObject\",\"inLanguage\":\"fr-CA\",\"@id\":\"https:\\\/\\\/navybikeride.ca\\\/fr\\\/#\\\/schema\\\/logo\\\/image\\\/\",\"url\":\"https:\\\/\\\/navybikeride.ca\\\/wp-content\\\/uploads\\\/2023\\\/02\\\/0223_NBR-2023_340x276-Web-Logo-horizontal-bilingual.png\",\"contentUrl\":\"https:\\\/\\\/navybikeride.ca\\\/wp-content\\\/uploads\\\/2023\\\/02\\\/0223_NBR-2023_340x276-Web-Logo-horizontal-bilingual.png\",\"width\":1417,\"height\":1150,\"caption\":\"Navy Bike Ride | D\u00e9fi\u2011v\u00e9lo de la Marine\"},\"image\":{\"@id\":\"https:\\\/\\\/navybikeride.ca\\\/fr\\\/#\\\/schema\\\/logo\\\/image\\\/\"},\"sameAs\":[\"https:\\\/\\\/www.facebook.com\\\/NBRDVM\\\/\",\"https:\\\/\\\/x.com\\\/navybikeride\",\"https:\\\/\\\/www.instagram.com\\\/navybikeride\\\/\"]},{\"@type\":\"Person\",\"@id\":\"https:\\\/\\\/navybikeride.ca\\\/fr\\\/#\\\/schema\\\/person\\\/40346e57c6db23c89490a733c4d9ae2b\",\"name\":\"Ola Roksana\",\"image\":{\"@type\":\"ImageObject\",\"inLanguage\":\"fr-CA\",\"@id\":\"https:\\\/\\\/secure.gravatar.com\\\/avatar\\\/bb1704577161ea395a8161dbd1e8faeede728c2ade11c22f1c8b02205732fea2?s=96&d=mm&r=g\",\"url\":\"https:\\\/\\\/secure.gravatar.com\\\/avatar\\\/bb1704577161ea395a8161dbd1e8faeede728c2ade11c22f1c8b02205732fea2?s=96&d=mm&r=g\",\"contentUrl\":\"https:\\\/\\\/secure.gravatar.com\\\/avatar\\\/bb1704577161ea395a8161dbd1e8faeede728c2ade11c22f1c8b02205732fea2?s=96&d=mm&r=g\",\"caption\":\"Ola Roksana\"},\"url\":\"https:\\\/\\\/navybikeride.ca\\\/fr\\\/author\\\/olarok\\\/\"}]}<\/script>\n<!-- \/ Yoast SEO Premium plugin. -->","yoast_head_json":{"title":"B\u00e9n\u00e9voles : L'histoire de Jeanine - Navy Bike Ride | D\u00e9fi\u2011v\u00e9lo de la Marine","description":"Catch the latest Navy Bike Ride news and updates \u2014 including event announcements, fundraiser highlights, cycling community stories, and charity impact across Canada.","robots":{"index":"index","follow":"follow","max-snippet":"max-snippet:-1","max-image-preview":"max-image-preview:large","max-video-preview":"max-video-preview:-1"},"canonical":"https:\/\/navybikeride.ca\/fr\/benevoles-lhistoire-de-jeanine\/","og_locale":"fr_CA","og_type":"article","og_title":"B\u00e9n\u00e9voles : L'histoire de Jeanine","og_description":"Get the latest updates from Navy Bike Ride \u2014 events, fundraisers, and stories supporting the Royal Canadian Navy and cycling community.","og_url":"https:\/\/navybikeride.ca\/fr\/benevoles-lhistoire-de-jeanine\/","og_site_name":"Navy Bike Ride | D\u00e9fi\u2011v\u00e9lo de la Marine","article_publisher":"https:\/\/www.facebook.com\/NBRDVM\/","article_published_time":"2025-06-06T18:15:02+00:00","article_modified_time":"2025-06-06T18:15:06+00:00","og_image":[{"width":600,"height":552,"url":"https:\/\/navybikeride.ca\/wp-content\/uploads\/2025\/06\/25NBR_Jeanine-Mader-volunteer.png","type":"image\/png"}],"author":"Ola Roksana","twitter_card":"summary_large_image","twitter_creator":"@navybikeride","twitter_site":"@navybikeride","twitter_misc":{"\u00c9crit par":"Ola Roksana","Estimation du temps de lecture":"3 minutes"},"schema":{"@context":"https:\/\/schema.org","@graph":[{"@type":"Article","@id":"https:\/\/navybikeride.ca\/fr\/benevoles-lhistoire-de-jeanine\/#article","isPartOf":{"@id":"https:\/\/navybikeride.ca\/fr\/benevoles-lhistoire-de-jeanine\/"},"author":{"name":"Ola Roksana","@id":"https:\/\/navybikeride.ca\/fr\/#\/schema\/person\/40346e57c6db23c89490a733c4d9ae2b"},"headline":"B\u00e9n\u00e9voles : L&rsquo;histoire de Jeanine","datePublished":"2025-06-06T18:15:02+00:00","dateModified":"2025-06-06T18:15:06+00:00","mainEntityOfPage":{"@id":"https:\/\/navybikeride.ca\/fr\/benevoles-lhistoire-de-jeanine\/"},"wordCount":706,"publisher":{"@id":"https:\/\/navybikeride.ca\/fr\/#organization"},"image":{"@id":"https:\/\/navybikeride.ca\/fr\/benevoles-lhistoire-de-jeanine\/#primaryimage"},"thumbnailUrl":"https:\/\/navybikeride.ca\/wp-content\/uploads\/2025\/06\/25NBR_Jeanine-Mader-volunteer.png","articleSection":["Non classifi\u00e9(e)"],"inLanguage":"fr-CA"},{"@type":"WebPage","@id":"https:\/\/navybikeride.ca\/fr\/benevoles-lhistoire-de-jeanine\/","url":"https:\/\/navybikeride.ca\/fr\/benevoles-lhistoire-de-jeanine\/","name":"B\u00e9n\u00e9voles : L'histoire de Jeanine - Navy Bike Ride | D\u00e9fi\u2011v\u00e9lo de la Marine","isPartOf":{"@id":"https:\/\/navybikeride.ca\/fr\/#website"},"primaryImageOfPage":{"@id":"https:\/\/navybikeride.ca\/fr\/benevoles-lhistoire-de-jeanine\/#primaryimage"},"image":{"@id":"https:\/\/navybikeride.ca\/fr\/benevoles-lhistoire-de-jeanine\/#primaryimage"},"thumbnailUrl":"https:\/\/navybikeride.ca\/wp-content\/uploads\/2025\/06\/25NBR_Jeanine-Mader-volunteer.png","datePublished":"2025-06-06T18:15:02+00:00","dateModified":"2025-06-06T18:15:06+00:00","description":"Catch the latest Navy Bike Ride news and updates \u2014 including event announcements, fundraiser highlights, cycling community stories, and charity impact across Canada.","breadcrumb":{"@id":"https:\/\/navybikeride.ca\/fr\/benevoles-lhistoire-de-jeanine\/#breadcrumb"},"inLanguage":"fr-CA","potentialAction":[{"@type":"ReadAction","target":["https:\/\/navybikeride.ca\/fr\/benevoles-lhistoire-de-jeanine\/"]}]},{"@type":"ImageObject","inLanguage":"fr-CA","@id":"https:\/\/navybikeride.ca\/fr\/benevoles-lhistoire-de-jeanine\/#primaryimage","url":"https:\/\/navybikeride.ca\/wp-content\/uploads\/2025\/06\/25NBR_Jeanine-Mader-volunteer.png","contentUrl":"https:\/\/navybikeride.ca\/wp-content\/uploads\/2025\/06\/25NBR_Jeanine-Mader-volunteer.png","width":600,"height":552},{"@type":"BreadcrumbList","@id":"https:\/\/navybikeride.ca\/fr\/benevoles-lhistoire-de-jeanine\/#breadcrumb","itemListElement":[{"@type":"ListItem","position":1,"name":"Accueil","item":"https:\/\/navybikeride.ca\/fr\/accueil\/"},{"@type":"ListItem","position":2,"name":"B\u00e9n\u00e9voles : L&#8217;histoire de Jeanine"}]},{"@type":"WebSite","@id":"https:\/\/navybikeride.ca\/fr\/#website","url":"https:\/\/navybikeride.ca\/fr\/","name":"Navy Bike Ride | D\u00e9fi\u2011v\u00e9lo de la Marine","description":"One Navy Strong | Une\u00a0Marine Unie et Forte","publisher":{"@id":"https:\/\/navybikeride.ca\/fr\/#organization"},"potentialAction":[{"@type":"SearchAction","target":{"@type":"EntryPoint","urlTemplate":"https:\/\/navybikeride.ca\/fr\/?s={search_term_string}"},"query-input":{"@type":"PropertyValueSpecification","valueRequired":true,"valueName":"search_term_string"}}],"inLanguage":"fr-CA"},{"@type":"Organization","@id":"https:\/\/navybikeride.ca\/fr\/#organization","name":"Navy Bike Ride | D\u00e9fi\u2011v\u00e9lo de la Marine","url":"https:\/\/navybikeride.ca\/fr\/","logo":{"@type":"ImageObject","inLanguage":"fr-CA","@id":"https:\/\/navybikeride.ca\/fr\/#\/schema\/logo\/image\/","url":"https:\/\/navybikeride.ca\/wp-content\/uploads\/2023\/02\/0223_NBR-2023_340x276-Web-Logo-horizontal-bilingual.png","contentUrl":"https:\/\/navybikeride.ca\/wp-content\/uploads\/2023\/02\/0223_NBR-2023_340x276-Web-Logo-horizontal-bilingual.png","width":1417,"height":1150,"caption":"Navy Bike Ride | D\u00e9fi\u2011v\u00e9lo de la Marine"},"image":{"@id":"https:\/\/navybikeride.ca\/fr\/#\/schema\/logo\/image\/"},"sameAs":["https:\/\/www.facebook.com\/NBRDVM\/","https:\/\/x.com\/navybikeride","https:\/\/www.instagram.com\/navybikeride\/"]},{"@type":"Person","@id":"https:\/\/navybikeride.ca\/fr\/#\/schema\/person\/40346e57c6db23c89490a733c4d9ae2b","name":"Ola Roksana","image":{"@type":"ImageObject","inLanguage":"fr-CA","@id":"https:\/\/secure.gravatar.com\/avatar\/bb1704577161ea395a8161dbd1e8faeede728c2ade11c22f1c8b02205732fea2?s=96&d=mm&r=g","url":"https:\/\/secure.gravatar.com\/avatar\/bb1704577161ea395a8161dbd1e8faeede728c2ade11c22f1c8b02205732fea2?s=96&d=mm&r=g","contentUrl":"https:\/\/secure.gravatar.com\/avatar\/bb1704577161ea395a8161dbd1e8faeede728c2ade11c22f1c8b02205732fea2?s=96&d=mm&r=g","caption":"Ola Roksana"},"url":"https:\/\/navybikeride.ca\/fr\/author\/olarok\/"}]}},"_links":{"self":[{"href":"https:\/\/navybikeride.ca\/fr\/wp-json\/wp\/v2\/posts\/34044","targetHints":{"allow":["GET"]}}],"collection":[{"href":"https:\/\/navybikeride.ca\/fr\/wp-json\/wp\/v2\/posts"}],"about":[{"href":"https:\/\/navybikeride.ca\/fr\/wp-json\/wp\/v2\/types\/post"}],"author":[{"embeddable":true,"href":"https:\/\/navybikeride.ca\/fr\/wp-json\/wp\/v2\/users\/1448"}],"replies":[{"embeddable":true,"href":"https:\/\/navybikeride.ca\/fr\/wp-json\/wp\/v2\/comments?post=34044"}],"version-history":[{"count":0,"href":"https:\/\/navybikeride.ca\/fr\/wp-json\/wp\/v2\/posts\/34044\/revisions"}],"wp:featuredmedia":[{"embeddable":true,"href":"https:\/\/navybikeride.ca\/fr\/wp-json\/wp\/v2\/media\/34042"}],"wp:attachment":[{"href":"https:\/\/navybikeride.ca\/fr\/wp-json\/wp\/v2\/media?parent=34044"}],"wp:term":[{"taxonomy":"category","embeddable":true,"href":"https:\/\/navybikeride.ca\/fr\/wp-json\/wp\/v2\/categories?post=34044"},{"taxonomy":"post_tag","embeddable":true,"href":"https:\/\/navybikeride.ca\/fr\/wp-json\/wp\/v2\/tags?post=34044"}],"curies":[{"name":"wp","href":"https:\/\/api.w.org\/{rel}","templated":true}]}}