{"id":34086,"date":"2025-06-24T17:10:32","date_gmt":"2025-06-24T21:10:32","guid":{"rendered":"https:\/\/navybikeride.ca\/collecte-de-fonds-lhistoire-de-derek\/"},"modified":"2025-06-24T17:36:39","modified_gmt":"2025-06-24T21:36:39","slug":"collecte-de-fonds-lhistoire-de-derek","status":"publish","type":"post","link":"https:\/\/navybikeride.ca\/fr\/collecte-de-fonds-lhistoire-de-derek\/","title":{"rendered":"Collecteurs de fonds : L&rsquo;histoire de Derek"},"content":{"rendered":"\n<p>Bien que le D\u00e9fi-v\u00e9lo de la Marine (DVM) soit un \u00e9v\u00e9nement amusant qui rassemble personnes, l&rsquo;un de nos principaux objectifs est de soutenir la communaut\u00e9 de la Marine royale canadienne (MRC) de mani\u00e8re tangible et directe.<\/p>\n\n\n\n<p>La collecte de fonds est une partie importante des \u00e9v\u00e9nements de chaque ann\u00e9e, car les fonds recueillis par les participants au DVM soutiennent trois causes caritatives d\u00e9di\u00e9es au bien-\u00eatre des membres actuels et anciens de la MRC et de leurs familles : la Fondation Navalis, Appuyons nos troupes et Sans limites.<\/p>\n\n\n\n<p>Nous sommes tr\u00e8s reconnaissants envers toutes les personnes qui choisissent de collecter des fonds, et nous voulions prendre un moment pour c\u00e9l\u00e9brer notre meilleur collecteur de fonds actuel, Derek Threinen, qui participe \u00e0 son sixi\u00e8me D\u00e9fi-v\u00e9lo de la Marine cette ann\u00e9e et qui est capitaine de l&rsquo;\u00e9quipe Leaders canadiens de la MRC.<\/p>\n\n\n\n<p>Derek a entendu parler du D\u00e9fi-v\u00e9lo de la Marine pour la premi\u00e8re fois apr\u00e8s avoir particip\u00e9 au programme Leaders canadiens en mer de la MRC.<\/p>\n\n\n\n<p>\u00ab Depuis des ann\u00e9es, je participais \u00e0 des randonn\u00e9es en groupe avec des amis, et il m&rsquo;a sembl\u00e9 logique de combiner mon amour du v\u00e9lo avec la collecte de fonds pour une bonne cause \u00bb, explique-t-il.<\/p>\n\n\n\n<figure class=\"wp-block-image aligncenter size-medium\"><img fetchpriority=\"high\" decoding=\"async\" width=\"300\" height=\"260\" src=\"https:\/\/navybikeride.ca\/wp-content\/uploads\/2025\/06\/NBR-Derek-Threinen-5-300x260.jpg\" alt=\"Deux cyclistes portant des maillots du D\u00e9fi-v\u00e9lo de la Marine se tiennent debout avec leurs v\u00e9los devant la Colline du Parlement \u00e0 Ottawa. \/\/ Deux cyclistes portant des maillots du D\u00e9fi-v\u00e9lo de la Marine se tiennent debout avec leurs v\u00e9los devant la Colline du Parlement \u00e0 Ottawa.   \" class=\"wp-image-34070\" srcset=\"https:\/\/navybikeride.ca\/wp-content\/uploads\/2025\/06\/NBR-Derek-Threinen-5-300x260.jpg 300w, https:\/\/navybikeride.ca\/wp-content\/uploads\/2025\/06\/NBR-Derek-Threinen-5-scaled-600x519.jpg 600w, https:\/\/navybikeride.ca\/wp-content\/uploads\/2025\/06\/NBR-Derek-Threinen-5-1024x886.jpg 1024w, https:\/\/navybikeride.ca\/wp-content\/uploads\/2025\/06\/NBR-Derek-Threinen-5-768x665.jpg 768w, https:\/\/navybikeride.ca\/wp-content\/uploads\/2025\/06\/NBR-Derek-Threinen-5-1536x1330.jpg 1536w, https:\/\/navybikeride.ca\/wp-content\/uploads\/2025\/06\/NBR-Derek-Threinen-5-2048x1773.jpg 2048w\" sizes=\"(max-width: 300px) 100vw, 300px\" \/><\/figure>\n\n\n\n<p>Derek aime s&rsquo;inscrire au DVM parce que cela le motive \u00e0 sortir et \u00e0 faire du v\u00e9lo.<\/p>\n\n\n\n<p>\u00ab L&rsquo;entra\u00eenement pour le DVM est une excellente motivation pour moi de me d\u00e9barrasser de ces toiles d&rsquo;araign\u00e9e chaque printemps &#8211; j&rsquo;ai h\u00e2te de r\u00e9gler mon v\u00e9lo et de partir sur la route \u00bb, dit-il. \u00ab Mon co\u00e9quipier des Leaders canadiens de la MRC, Tim Welch, est \u00e9galement tr\u00e8s dou\u00e9 pour me motiver \u00e0 rouler t\u00f4t le matin. C&rsquo;est toujours agr\u00e9able de commencer une journ\u00e9e de travail ou une fin de semaine \u00e0 9 h en ayant d\u00e9j\u00e0 termin\u00e9 une s\u00e9ance d&rsquo;entra\u00eenement en selle et en ayant profit\u00e9 d&rsquo;une pause-caf\u00e9 dans un endroit pittoresque le long de la route ! \u00bb<\/p>\n\n\n\n<p>Cette ann\u00e9e, Derek a d\u00e9j\u00e0 recueilli pr\u00e8s de 1 800 $. Son \u00e9quipe &#8211; Leaders canadiens de la MRC &#8211; a recueilli 2 800 $ et est actuellement notre meilleure \u00e9quipe de collecte de fonds.<\/p>\n\n\n\n<p>\u00ab Notre \u00e9quipe est compos\u00e9e de membres qui ont particip\u00e9 au programme Leaders canadiens en mer de la MRC au fil des ans \u00bb, explique Derek. \u00ab Ce programme rassemble des personnes occupant des postes de direction dans tous les domaines de la vie canadienne pour une occasion unique de vivre une exp\u00e9rience \u00e0 bord d&rsquo;un navire canadien, d&rsquo;acqu\u00e9rir une meilleure compr\u00e9hension de la mission de la Marine, puis (par le biais de leurs r\u00e9seaux de famille, d&rsquo;amis, de coll\u00e8gues, d&#8217;employ\u00e9s, d&rsquo;\u00e9lecteurs et autres) d&rsquo;accro\u00eetre la sensibilisation et la compr\u00e9hension du public \u00e0 l&rsquo;\u00e9gard du r\u00f4le de la MRC dans la s\u00e9curit\u00e9 et la prosp\u00e9rit\u00e9 de leur pays. \u00bb<\/p>\n\n\n\n<p>Derek et les membres de son \u00e9quipe sont r\u00e9partis dans tout le pays et s&rsquo;entra\u00eenent donc la plupart du temps s\u00e9par\u00e9ment, mais il pr\u00e9cise que certains d&rsquo;entre eux ont un ou deux co\u00e9quipiers avec lesquels ils font du v\u00e9lo r\u00e9guli\u00e8rement. Ils essaient \u00e9galement de r\u00e9unir quelques membres de l&rsquo;\u00e9quipe pour les \u00e9v\u00e9nements en personne organis\u00e9s dans tout le pays.<\/p>\n\n\n\n<figure class=\"wp-block-image aligncenter size-medium\"><img decoding=\"async\" width=\"216\" height=\"300\" src=\"https:\/\/navybikeride.ca\/wp-content\/uploads\/2025\/06\/NBR-Derek-Threinen-4-216x300.jpg\" alt=\"Deux cyclistes posent avec leurs v\u00e9los devant la toile de fond du D\u00e9fi-v\u00e9lo de la Marine. \/\/ Deux cyclistes posent avec leurs v\u00e9los devant la toile de fond du D\u00e9fi-v\u00e9lo de la Marine. \" class=\"wp-image-34072\" srcset=\"https:\/\/navybikeride.ca\/wp-content\/uploads\/2025\/06\/NBR-Derek-Threinen-4-216x300.jpg 216w, https:\/\/navybikeride.ca\/wp-content\/uploads\/2025\/06\/NBR-Derek-Threinen-4-600x832.jpg 600w, https:\/\/navybikeride.ca\/wp-content\/uploads\/2025\/06\/NBR-Derek-Threinen-4-739x1024.jpg 739w, https:\/\/navybikeride.ca\/wp-content\/uploads\/2025\/06\/NBR-Derek-Threinen-4-768x1065.jpg 768w, https:\/\/navybikeride.ca\/wp-content\/uploads\/2025\/06\/NBR-Derek-Threinen-4-1108x1536.jpg 1108w, https:\/\/navybikeride.ca\/wp-content\/uploads\/2025\/06\/NBR-Derek-Threinen-4-1477x2048.jpg 1477w, https:\/\/navybikeride.ca\/wp-content\/uploads\/2025\/06\/NBR-Derek-Threinen-4.jpg 1709w\" sizes=\"(max-width: 216px) 100vw, 216px\" \/><\/figure>\n\n\n\n<p>\u00ab Notre collecte de fonds se fait individuellement, mais en tant que capitaine de l&rsquo;\u00e9quipe, l&rsquo;un de mes r\u00f4les est d&rsquo;encourager nos membres \u00e0 faire des efforts pour contribuer aux objectifs ambitieux de l&rsquo;\u00e9quipe en mati\u00e8re de collecte de fonds \u00bb, ajoute-t-il.<\/p>\n\n\n\n<p>Derek indique que, cette ann\u00e9e, il dirige \u00e0 nouveau ses efforts de collecte de fonds en tirant parti de ses r\u00e9seaux de famille, d&rsquo;amis et de coll\u00e8gues sur ses canaux de m\u00e9dias sociaux &#8211; principalement Facebook, Instagram et LinkedIn &#8211; et il trouve que les gens r\u00e9agissent tr\u00e8s bien \u00e0 cette approche.<\/p>\n\n\n\n<p>\u00ab Deux fois au cours du mois de juin, je pr\u00e9sente un bref titre d&rsquo;introduction et un r\u00e9sum\u00e9 sur le DVM, notre \u00e9quipe et les causes caritatives et b\u00e9n\u00e9ficiaires m\u00e9ritoires de notre collecte de fonds, ainsi qu&rsquo;un lien vers ma page de collecte de fonds qui contient des informations plus approfondies &#8211; cela a bien fonctionn\u00e9 pour moi chaque ann\u00e9e \u00bb, explique-t-il. \u00ab Chaque ann\u00e9e, je publie \u00e9galement quelques photos amusantes de mes sorties d&rsquo;entra\u00eenement avec mes co\u00e9quipiers, ce qui permet de mieux faire conna\u00eetre le DVM et notre \u00e9quipe. \u00bb<\/p>\n\n\n\n<p>La collecte de fonds est importante pour Derek car c&rsquo;est pour lui un moyen de rendre service \u00e0 la communaut\u00e9 navale.<\/p>\n\n\n\n<p>\u00ab Je suis personnellement motiv\u00e9 pour collecter des fonds par l&rsquo;interm\u00e9diaire du DVM, sachant le travail important que des organisations caritatives telles que la Fondation Navalis, Sans limites et Appuyons nos troupes accomplissent pour aider nos hommes et nos femmes en uniforme et leurs familles, ainsi que nos anciens combattants, qui se trouvent dans le besoin \u00bb, explique-t-il. \u00ab Ce sont des personnes qui nous ont soutenus pendant leur service, et la collecte de fonds par l&rsquo;interm\u00e9diaire du DVM est un moyen pour moi de rendre la pareille, d&rsquo;une mani\u00e8re modeste, et d&rsquo;honorer ce service. \u00bb<\/p>\n\n\n\n<figure class=\"wp-block-image aligncenter size-medium\"><img decoding=\"async\" width=\"300\" height=\"225\" src=\"https:\/\/navybikeride.ca\/wp-content\/uploads\/2025\/06\/NBR-Derek-Threinen-300x225.jpg\" alt=\"Quatre hommes v\u00eatus de maillots du D\u00e9fi-v\u00e9lo de la Marine et de shorts posent pour une photo au NCSM Carleton. \/\/ Quatre hommes v\u00eatus de maillots du D\u00e9fi-v\u00e9lo de la Marine et de shorts posent pour une photo au NCSM Carleton. \" class=\"wp-image-34080\" srcset=\"https:\/\/navybikeride.ca\/wp-content\/uploads\/2025\/06\/NBR-Derek-Threinen-300x225.jpg 300w, https:\/\/navybikeride.ca\/wp-content\/uploads\/2025\/06\/NBR-Derek-Threinen-scaled-600x450.jpg 600w, https:\/\/navybikeride.ca\/wp-content\/uploads\/2025\/06\/NBR-Derek-Threinen-1024x768.jpg 1024w, https:\/\/navybikeride.ca\/wp-content\/uploads\/2025\/06\/NBR-Derek-Threinen-768x576.jpg 768w, https:\/\/navybikeride.ca\/wp-content\/uploads\/2025\/06\/NBR-Derek-Threinen-1536x1152.jpg 1536w, https:\/\/navybikeride.ca\/wp-content\/uploads\/2025\/06\/NBR-Derek-Threinen-2048x1536.jpg 2048w\" sizes=\"(max-width: 300px) 100vw, 300px\" \/><\/figure>\n\n\n\n<p>Les participants ont jusqu&rsquo;au 30 juin 2025 pour collecter des dons. Si vous avez envisag\u00e9 de collecter des fonds ou de faire un don \u00e0 un participant au D\u00e9fi-v\u00e9lo de la Marine, il est encore temps de faire la diff\u00e9rence !<\/p>\n\n\n\n<p>Pour en savoir plus sur la collecte de fonds dans le cadre du D\u00e9fi-v\u00e9lo de la Marine, veuillez consulter le site <a href=\"https:\/\/navybikeride.ca\/fr\/collecte-de-fonds-2025\/\" target=\"_blank\" rel=\"noreferrer noopener\">https:\/\/navybikeride.ca\/fundraising-2025\/<\/a>.<\/p>\n\n\n\n<p>Pour faire un don \u00e0 Derek Threinen et aux Leaders canadiens de la MRC, veuillez consulter le site <a href=\"https:\/\/raceroster.com\/events\/2025\/97198\/navy-bike-ride-2025-defivelo-de-la-marine-2025\/pledge\/participant\/35756798\" target=\"_blank\" rel=\"noreferrer noopener\">https:\/\/raceroster.com\/events\/2025\/97198\/navy-bike-ride-2025-defivelo-de-la-marine-2025\/pledge\/participant\/35756798<\/a>.<\/p>\n\n\n\n<p><\/p>\n","protected":false},"excerpt":{"rendered":"<p>Bien que le D\u00e9fi-v\u00e9lo de la Marine (DVM) soit un \u00e9v\u00e9nement amusant qui rassemble personnes, l&rsquo;un de nos principaux objectifs [&hellip;]<\/p>\n","protected":false},"author":1451,"featured_media":34084,"comment_status":"closed","ping_status":"closed","sticky":false,"template":"","format":"standard","meta":{"site-sidebar-layout":"default","site-content-layout":"","ast-site-content-layout":"default","site-content-style":"default","site-sidebar-style":"default","ast-global-header-display":"","ast-banner-title-visibility":"","ast-main-header-display":"","ast-hfb-above-header-display":"","ast-hfb-below-header-display":"","ast-hfb-mobile-header-display":"","site-post-title":"","ast-breadcrumbs-content":"","ast-featured-img":"","footer-sml-layout":"","ast-disable-related-posts":"","theme-transparent-header-meta":"","adv-header-id-meta":"","stick-header-meta":"","header-above-stick-meta":"","header-main-stick-meta":"","header-below-stick-meta":"","astra-migrate-meta-layouts":"set","ast-page-background-enabled":"default","ast-page-background-meta":{"desktop":{"background-color":"","background-image":"","background-repeat":"repeat","background-position":"center center","background-size":"auto","background-attachment":"scroll","background-type":"","background-media":"","overlay-type":"","overlay-color":"","overlay-opacity":"","overlay-gradient":""},"tablet":{"background-color":"","background-image":"","background-repeat":"repeat","background-position":"center center","background-size":"auto","background-attachment":"scroll","background-type":"","background-media":"","overlay-type":"","overlay-color":"","overlay-opacity":"","overlay-gradient":""},"mobile":{"background-color":"","background-image":"","background-repeat":"repeat","background-position":"center center","background-size":"auto","background-attachment":"scroll","background-type":"","background-media":"","overlay-type":"","overlay-color":"","overlay-opacity":"","overlay-gradient":""}},"ast-content-background-meta":{"desktop":{"background-color":"var(--ast-global-color-5)","background-image":"","background-repeat":"repeat","background-position":"center center","background-size":"auto","background-attachment":"scroll","background-type":"","background-media":"","overlay-type":"","overlay-color":"","overlay-opacity":"","overlay-gradient":""},"tablet":{"background-color":"var(--ast-global-color-5)","background-image":"","background-repeat":"repeat","background-position":"center center","background-size":"auto","background-attachment":"scroll","background-type":"","background-media":"","overlay-type":"","overlay-color":"","overlay-opacity":"","overlay-gradient":""},"mobile":{"background-color":"var(--ast-global-color-5)","background-image":"","background-repeat":"repeat","background-position":"center center","background-size":"auto","background-attachment":"scroll","background-type":"","background-media":"","overlay-type":"","overlay-color":"","overlay-opacity":"","overlay-gradient":""}},"footnotes":""},"categories":[74],"tags":[68,52,51],"class_list":["post-34086","post","type-post","status-publish","format-standard","has-post-thumbnail","hentry","category-collecte-de-fonds","tag-collecte-de-fonds","tag-defivelo-de-la-marine-2025","tag-dvm-2025"],"yoast_head":"<!-- This site is optimized with the Yoast SEO Premium plugin v27.5 (Yoast SEO v27.5) - https:\/\/yoast.com\/product\/yoast-seo-premium-wordpress\/ -->\n<title>Collecteurs de fonds : L&#039;histoire de Derek - Navy Bike Ride | D\u00e9fi\u2011v\u00e9lo de la Marine<\/title>\n<meta name=\"description\" content=\"Pour Derek Threinen, la collecte de fonds est un moyen significatif de rendre service \u00e0 la communaut\u00e9 navale.\" \/>\n<meta name=\"robots\" content=\"index, follow, max-snippet:-1, max-image-preview:large, max-video-preview:-1\" \/>\n<link rel=\"canonical\" href=\"https:\/\/navybikeride.ca\/fr\/collecte-de-fonds-lhistoire-de-derek\/\" \/>\n<meta property=\"og:locale\" content=\"fr_CA\" \/>\n<meta property=\"og:type\" content=\"article\" \/>\n<meta property=\"og:title\" content=\"Collecteurs de fonds : L&#039;histoire de Derek\" \/>\n<meta property=\"og:description\" content=\"Get the latest updates from Navy Bike Ride \u2014 events, fundraisers, and stories supporting the Royal Canadian Navy and cycling community.\" \/>\n<meta property=\"og:url\" content=\"https:\/\/navybikeride.ca\/fr\/collecte-de-fonds-lhistoire-de-derek\/\" \/>\n<meta property=\"og:site_name\" content=\"Navy Bike Ride | D\u00e9fi\u2011v\u00e9lo de la Marine\" \/>\n<meta property=\"article:publisher\" content=\"https:\/\/www.facebook.com\/NBRDVM\/\" \/>\n<meta property=\"article:published_time\" content=\"2025-06-24T21:10:32+00:00\" \/>\n<meta property=\"article:modified_time\" content=\"2025-06-24T21:36:39+00:00\" \/>\n<meta property=\"og:image\" content=\"https:\/\/navybikeride.ca\/wp-content\/uploads\/2025\/06\/25NBR-Fundraiser-Derek-Threinen-1.png\" \/>\n\t<meta property=\"og:image:width\" content=\"650\" \/>\n\t<meta property=\"og:image:height\" content=\"500\" \/>\n\t<meta property=\"og:image:type\" content=\"image\/png\" \/>\n<meta name=\"author\" content=\"Lindsay Chung\" \/>\n<meta name=\"twitter:card\" content=\"summary_large_image\" \/>\n<meta name=\"twitter:creator\" content=\"@navybikeride\" \/>\n<meta name=\"twitter:site\" content=\"@navybikeride\" \/>\n<meta name=\"twitter:label1\" content=\"\u00c9crit par\" \/>\n\t<meta name=\"twitter:data1\" content=\"Lindsay Chung\" \/>\n\t<meta name=\"twitter:label2\" content=\"Estimation du temps de lecture\" \/>\n\t<meta name=\"twitter:data2\" content=\"5 minutes\" \/>\n<script type=\"application\/ld+json\" class=\"yoast-schema-graph\">{\"@context\":\"https:\\\/\\\/schema.org\",\"@graph\":[{\"@type\":\"Article\",\"@id\":\"https:\\\/\\\/navybikeride.ca\\\/fr\\\/collecte-de-fonds-lhistoire-de-derek\\\/#article\",\"isPartOf\":{\"@id\":\"https:\\\/\\\/navybikeride.ca\\\/fr\\\/collecte-de-fonds-lhistoire-de-derek\\\/\"},\"author\":{\"name\":\"Lindsay Chung\",\"@id\":\"https:\\\/\\\/navybikeride.ca\\\/fr\\\/#\\\/schema\\\/person\\\/beb1df722c719f14532c6d50a01bc19c\"},\"headline\":\"Collecteurs de fonds : L&rsquo;histoire de Derek\",\"datePublished\":\"2025-06-24T21:10:32+00:00\",\"dateModified\":\"2025-06-24T21:36:39+00:00\",\"mainEntityOfPage\":{\"@id\":\"https:\\\/\\\/navybikeride.ca\\\/fr\\\/collecte-de-fonds-lhistoire-de-derek\\\/\"},\"wordCount\":1001,\"publisher\":{\"@id\":\"https:\\\/\\\/navybikeride.ca\\\/fr\\\/#organization\"},\"image\":{\"@id\":\"https:\\\/\\\/navybikeride.ca\\\/fr\\\/collecte-de-fonds-lhistoire-de-derek\\\/#primaryimage\"},\"thumbnailUrl\":\"https:\\\/\\\/navybikeride.ca\\\/wp-content\\\/uploads\\\/2025\\\/06\\\/25NBR-Fundraiser-Derek-Threinen-1.png\",\"keywords\":[\"collecte de fonds\",\"D\u00e9fi\u2011v\u00e9lo de la Marine 2025\",\"DVM 2025\"],\"articleSection\":[\"Collecte de fonds\"],\"inLanguage\":\"fr-CA\"},{\"@type\":\"WebPage\",\"@id\":\"https:\\\/\\\/navybikeride.ca\\\/fr\\\/collecte-de-fonds-lhistoire-de-derek\\\/\",\"url\":\"https:\\\/\\\/navybikeride.ca\\\/fr\\\/collecte-de-fonds-lhistoire-de-derek\\\/\",\"name\":\"Collecteurs de fonds : L'histoire de Derek - Navy Bike Ride | D\u00e9fi\u2011v\u00e9lo de la Marine\",\"isPartOf\":{\"@id\":\"https:\\\/\\\/navybikeride.ca\\\/fr\\\/#website\"},\"primaryImageOfPage\":{\"@id\":\"https:\\\/\\\/navybikeride.ca\\\/fr\\\/collecte-de-fonds-lhistoire-de-derek\\\/#primaryimage\"},\"image\":{\"@id\":\"https:\\\/\\\/navybikeride.ca\\\/fr\\\/collecte-de-fonds-lhistoire-de-derek\\\/#primaryimage\"},\"thumbnailUrl\":\"https:\\\/\\\/navybikeride.ca\\\/wp-content\\\/uploads\\\/2025\\\/06\\\/25NBR-Fundraiser-Derek-Threinen-1.png\",\"datePublished\":\"2025-06-24T21:10:32+00:00\",\"dateModified\":\"2025-06-24T21:36:39+00:00\",\"description\":\"Pour Derek Threinen, la collecte de fonds est un moyen significatif de rendre service \u00e0 la communaut\u00e9 navale.\",\"breadcrumb\":{\"@id\":\"https:\\\/\\\/navybikeride.ca\\\/fr\\\/collecte-de-fonds-lhistoire-de-derek\\\/#breadcrumb\"},\"inLanguage\":\"fr-CA\",\"potentialAction\":[{\"@type\":\"ReadAction\",\"target\":[\"https:\\\/\\\/navybikeride.ca\\\/fr\\\/collecte-de-fonds-lhistoire-de-derek\\\/\"]}]},{\"@type\":\"ImageObject\",\"inLanguage\":\"fr-CA\",\"@id\":\"https:\\\/\\\/navybikeride.ca\\\/fr\\\/collecte-de-fonds-lhistoire-de-derek\\\/#primaryimage\",\"url\":\"https:\\\/\\\/navybikeride.ca\\\/wp-content\\\/uploads\\\/2025\\\/06\\\/25NBR-Fundraiser-Derek-Threinen-1.png\",\"contentUrl\":\"https:\\\/\\\/navybikeride.ca\\\/wp-content\\\/uploads\\\/2025\\\/06\\\/25NBR-Fundraiser-Derek-Threinen-1.png\",\"width\":650,\"height\":500,\"caption\":\"Two cyclists in Navy Bike Ride jerseys ride down a path. \\\/\\\/ Deux cyclistes portant des maillots du D\u00e9fi-v\u00e9lo de la Marine descendent un sentier.\"},{\"@type\":\"BreadcrumbList\",\"@id\":\"https:\\\/\\\/navybikeride.ca\\\/fr\\\/collecte-de-fonds-lhistoire-de-derek\\\/#breadcrumb\",\"itemListElement\":[{\"@type\":\"ListItem\",\"position\":1,\"name\":\"Accueil\",\"item\":\"https:\\\/\\\/navybikeride.ca\\\/fr\\\/accueil\\\/\"},{\"@type\":\"ListItem\",\"position\":2,\"name\":\"Collecteurs de fonds : L&#8217;histoire de Derek\"}]},{\"@type\":\"WebSite\",\"@id\":\"https:\\\/\\\/navybikeride.ca\\\/fr\\\/#website\",\"url\":\"https:\\\/\\\/navybikeride.ca\\\/fr\\\/\",\"name\":\"Navy Bike Ride | D\u00e9fi\u2011v\u00e9lo de la Marine\",\"description\":\"One Navy Strong | Une\u00a0Marine Unie et Forte\",\"publisher\":{\"@id\":\"https:\\\/\\\/navybikeride.ca\\\/fr\\\/#organization\"},\"potentialAction\":[{\"@type\":\"SearchAction\",\"target\":{\"@type\":\"EntryPoint\",\"urlTemplate\":\"https:\\\/\\\/navybikeride.ca\\\/fr\\\/?s={search_term_string}\"},\"query-input\":{\"@type\":\"PropertyValueSpecification\",\"valueRequired\":true,\"valueName\":\"search_term_string\"}}],\"inLanguage\":\"fr-CA\"},{\"@type\":\"Organization\",\"@id\":\"https:\\\/\\\/navybikeride.ca\\\/fr\\\/#organization\",\"name\":\"Navy Bike Ride | D\u00e9fi\u2011v\u00e9lo de la Marine\",\"url\":\"https:\\\/\\\/navybikeride.ca\\\/fr\\\/\",\"logo\":{\"@type\":\"ImageObject\",\"inLanguage\":\"fr-CA\",\"@id\":\"https:\\\/\\\/navybikeride.ca\\\/fr\\\/#\\\/schema\\\/logo\\\/image\\\/\",\"url\":\"https:\\\/\\\/navybikeride.ca\\\/wp-content\\\/uploads\\\/2023\\\/02\\\/0223_NBR-2023_340x276-Web-Logo-horizontal-bilingual.png\",\"contentUrl\":\"https:\\\/\\\/navybikeride.ca\\\/wp-content\\\/uploads\\\/2023\\\/02\\\/0223_NBR-2023_340x276-Web-Logo-horizontal-bilingual.png\",\"width\":1417,\"height\":1150,\"caption\":\"Navy Bike Ride | D\u00e9fi\u2011v\u00e9lo de la Marine\"},\"image\":{\"@id\":\"https:\\\/\\\/navybikeride.ca\\\/fr\\\/#\\\/schema\\\/logo\\\/image\\\/\"},\"sameAs\":[\"https:\\\/\\\/www.facebook.com\\\/NBRDVM\\\/\",\"https:\\\/\\\/x.com\\\/navybikeride\",\"https:\\\/\\\/www.instagram.com\\\/navybikeride\\\/\"]},{\"@type\":\"Person\",\"@id\":\"https:\\\/\\\/navybikeride.ca\\\/fr\\\/#\\\/schema\\\/person\\\/beb1df722c719f14532c6d50a01bc19c\",\"name\":\"Lindsay Chung\",\"image\":{\"@type\":\"ImageObject\",\"inLanguage\":\"fr-CA\",\"@id\":\"https:\\\/\\\/secure.gravatar.com\\\/avatar\\\/d87fdf2c10401a9c7b0f24becaf61b45bc95cb7c813771674dbd681c22be97dc?s=96&d=mm&r=g\",\"url\":\"https:\\\/\\\/secure.gravatar.com\\\/avatar\\\/d87fdf2c10401a9c7b0f24becaf61b45bc95cb7c813771674dbd681c22be97dc?s=96&d=mm&r=g\",\"contentUrl\":\"https:\\\/\\\/secure.gravatar.com\\\/avatar\\\/d87fdf2c10401a9c7b0f24becaf61b45bc95cb7c813771674dbd681c22be97dc?s=96&d=mm&r=g\",\"caption\":\"Lindsay Chung\"},\"url\":\"https:\\\/\\\/navybikeride.ca\\\/fr\\\/author\\\/lindsay\\\/\"}]}<\/script>\n<!-- \/ Yoast SEO Premium plugin. -->","yoast_head_json":{"title":"Collecteurs de fonds : L'histoire de Derek - Navy Bike Ride | D\u00e9fi\u2011v\u00e9lo de la Marine","description":"Pour Derek Threinen, la collecte de fonds est un moyen significatif de rendre service \u00e0 la communaut\u00e9 navale.","robots":{"index":"index","follow":"follow","max-snippet":"max-snippet:-1","max-image-preview":"max-image-preview:large","max-video-preview":"max-video-preview:-1"},"canonical":"https:\/\/navybikeride.ca\/fr\/collecte-de-fonds-lhistoire-de-derek\/","og_locale":"fr_CA","og_type":"article","og_title":"Collecteurs de fonds : L'histoire de Derek","og_description":"Get the latest updates from Navy Bike Ride \u2014 events, fundraisers, and stories supporting the Royal Canadian Navy and cycling community.","og_url":"https:\/\/navybikeride.ca\/fr\/collecte-de-fonds-lhistoire-de-derek\/","og_site_name":"Navy Bike Ride | D\u00e9fi\u2011v\u00e9lo de la Marine","article_publisher":"https:\/\/www.facebook.com\/NBRDVM\/","article_published_time":"2025-06-24T21:10:32+00:00","article_modified_time":"2025-06-24T21:36:39+00:00","og_image":[{"width":650,"height":500,"url":"https:\/\/navybikeride.ca\/wp-content\/uploads\/2025\/06\/25NBR-Fundraiser-Derek-Threinen-1.png","type":"image\/png"}],"author":"Lindsay Chung","twitter_card":"summary_large_image","twitter_creator":"@navybikeride","twitter_site":"@navybikeride","twitter_misc":{"\u00c9crit par":"Lindsay Chung","Estimation du temps de lecture":"5 minutes"},"schema":{"@context":"https:\/\/schema.org","@graph":[{"@type":"Article","@id":"https:\/\/navybikeride.ca\/fr\/collecte-de-fonds-lhistoire-de-derek\/#article","isPartOf":{"@id":"https:\/\/navybikeride.ca\/fr\/collecte-de-fonds-lhistoire-de-derek\/"},"author":{"name":"Lindsay Chung","@id":"https:\/\/navybikeride.ca\/fr\/#\/schema\/person\/beb1df722c719f14532c6d50a01bc19c"},"headline":"Collecteurs de fonds : L&rsquo;histoire de Derek","datePublished":"2025-06-24T21:10:32+00:00","dateModified":"2025-06-24T21:36:39+00:00","mainEntityOfPage":{"@id":"https:\/\/navybikeride.ca\/fr\/collecte-de-fonds-lhistoire-de-derek\/"},"wordCount":1001,"publisher":{"@id":"https:\/\/navybikeride.ca\/fr\/#organization"},"image":{"@id":"https:\/\/navybikeride.ca\/fr\/collecte-de-fonds-lhistoire-de-derek\/#primaryimage"},"thumbnailUrl":"https:\/\/navybikeride.ca\/wp-content\/uploads\/2025\/06\/25NBR-Fundraiser-Derek-Threinen-1.png","keywords":["collecte de fonds","D\u00e9fi\u2011v\u00e9lo de la Marine 2025","DVM 2025"],"articleSection":["Collecte de fonds"],"inLanguage":"fr-CA"},{"@type":"WebPage","@id":"https:\/\/navybikeride.ca\/fr\/collecte-de-fonds-lhistoire-de-derek\/","url":"https:\/\/navybikeride.ca\/fr\/collecte-de-fonds-lhistoire-de-derek\/","name":"Collecteurs de fonds : L'histoire de Derek - Navy Bike Ride | D\u00e9fi\u2011v\u00e9lo de la Marine","isPartOf":{"@id":"https:\/\/navybikeride.ca\/fr\/#website"},"primaryImageOfPage":{"@id":"https:\/\/navybikeride.ca\/fr\/collecte-de-fonds-lhistoire-de-derek\/#primaryimage"},"image":{"@id":"https:\/\/navybikeride.ca\/fr\/collecte-de-fonds-lhistoire-de-derek\/#primaryimage"},"thumbnailUrl":"https:\/\/navybikeride.ca\/wp-content\/uploads\/2025\/06\/25NBR-Fundraiser-Derek-Threinen-1.png","datePublished":"2025-06-24T21:10:32+00:00","dateModified":"2025-06-24T21:36:39+00:00","description":"Pour Derek Threinen, la collecte de fonds est un moyen significatif de rendre service \u00e0 la communaut\u00e9 navale.","breadcrumb":{"@id":"https:\/\/navybikeride.ca\/fr\/collecte-de-fonds-lhistoire-de-derek\/#breadcrumb"},"inLanguage":"fr-CA","potentialAction":[{"@type":"ReadAction","target":["https:\/\/navybikeride.ca\/fr\/collecte-de-fonds-lhistoire-de-derek\/"]}]},{"@type":"ImageObject","inLanguage":"fr-CA","@id":"https:\/\/navybikeride.ca\/fr\/collecte-de-fonds-lhistoire-de-derek\/#primaryimage","url":"https:\/\/navybikeride.ca\/wp-content\/uploads\/2025\/06\/25NBR-Fundraiser-Derek-Threinen-1.png","contentUrl":"https:\/\/navybikeride.ca\/wp-content\/uploads\/2025\/06\/25NBR-Fundraiser-Derek-Threinen-1.png","width":650,"height":500,"caption":"Two cyclists in Navy Bike Ride jerseys ride down a path. \/\/ Deux cyclistes portant des maillots du D\u00e9fi-v\u00e9lo de la Marine descendent un sentier."},{"@type":"BreadcrumbList","@id":"https:\/\/navybikeride.ca\/fr\/collecte-de-fonds-lhistoire-de-derek\/#breadcrumb","itemListElement":[{"@type":"ListItem","position":1,"name":"Accueil","item":"https:\/\/navybikeride.ca\/fr\/accueil\/"},{"@type":"ListItem","position":2,"name":"Collecteurs de fonds : L&#8217;histoire de Derek"}]},{"@type":"WebSite","@id":"https:\/\/navybikeride.ca\/fr\/#website","url":"https:\/\/navybikeride.ca\/fr\/","name":"Navy Bike Ride | D\u00e9fi\u2011v\u00e9lo de la Marine","description":"One Navy Strong | Une\u00a0Marine Unie et Forte","publisher":{"@id":"https:\/\/navybikeride.ca\/fr\/#organization"},"potentialAction":[{"@type":"SearchAction","target":{"@type":"EntryPoint","urlTemplate":"https:\/\/navybikeride.ca\/fr\/?s={search_term_string}"},"query-input":{"@type":"PropertyValueSpecification","valueRequired":true,"valueName":"search_term_string"}}],"inLanguage":"fr-CA"},{"@type":"Organization","@id":"https:\/\/navybikeride.ca\/fr\/#organization","name":"Navy Bike Ride | D\u00e9fi\u2011v\u00e9lo de la Marine","url":"https:\/\/navybikeride.ca\/fr\/","logo":{"@type":"ImageObject","inLanguage":"fr-CA","@id":"https:\/\/navybikeride.ca\/fr\/#\/schema\/logo\/image\/","url":"https:\/\/navybikeride.ca\/wp-content\/uploads\/2023\/02\/0223_NBR-2023_340x276-Web-Logo-horizontal-bilingual.png","contentUrl":"https:\/\/navybikeride.ca\/wp-content\/uploads\/2023\/02\/0223_NBR-2023_340x276-Web-Logo-horizontal-bilingual.png","width":1417,"height":1150,"caption":"Navy Bike Ride | D\u00e9fi\u2011v\u00e9lo de la Marine"},"image":{"@id":"https:\/\/navybikeride.ca\/fr\/#\/schema\/logo\/image\/"},"sameAs":["https:\/\/www.facebook.com\/NBRDVM\/","https:\/\/x.com\/navybikeride","https:\/\/www.instagram.com\/navybikeride\/"]},{"@type":"Person","@id":"https:\/\/navybikeride.ca\/fr\/#\/schema\/person\/beb1df722c719f14532c6d50a01bc19c","name":"Lindsay Chung","image":{"@type":"ImageObject","inLanguage":"fr-CA","@id":"https:\/\/secure.gravatar.com\/avatar\/d87fdf2c10401a9c7b0f24becaf61b45bc95cb7c813771674dbd681c22be97dc?s=96&d=mm&r=g","url":"https:\/\/secure.gravatar.com\/avatar\/d87fdf2c10401a9c7b0f24becaf61b45bc95cb7c813771674dbd681c22be97dc?s=96&d=mm&r=g","contentUrl":"https:\/\/secure.gravatar.com\/avatar\/d87fdf2c10401a9c7b0f24becaf61b45bc95cb7c813771674dbd681c22be97dc?s=96&d=mm&r=g","caption":"Lindsay Chung"},"url":"https:\/\/navybikeride.ca\/fr\/author\/lindsay\/"}]}},"_links":{"self":[{"href":"https:\/\/navybikeride.ca\/fr\/wp-json\/wp\/v2\/posts\/34086","targetHints":{"allow":["GET"]}}],"collection":[{"href":"https:\/\/navybikeride.ca\/fr\/wp-json\/wp\/v2\/posts"}],"about":[{"href":"https:\/\/navybikeride.ca\/fr\/wp-json\/wp\/v2\/types\/post"}],"author":[{"embeddable":true,"href":"https:\/\/navybikeride.ca\/fr\/wp-json\/wp\/v2\/users\/1451"}],"replies":[{"embeddable":true,"href":"https:\/\/navybikeride.ca\/fr\/wp-json\/wp\/v2\/comments?post=34086"}],"version-history":[{"count":0,"href":"https:\/\/navybikeride.ca\/fr\/wp-json\/wp\/v2\/posts\/34086\/revisions"}],"wp:featuredmedia":[{"embeddable":true,"href":"https:\/\/navybikeride.ca\/fr\/wp-json\/wp\/v2\/media\/34084"}],"wp:attachment":[{"href":"https:\/\/navybikeride.ca\/fr\/wp-json\/wp\/v2\/media?parent=34086"}],"wp:term":[{"taxonomy":"category","embeddable":true,"href":"https:\/\/navybikeride.ca\/fr\/wp-json\/wp\/v2\/categories?post=34086"},{"taxonomy":"post_tag","embeddable":true,"href":"https:\/\/navybikeride.ca\/fr\/wp-json\/wp\/v2\/tags?post=34086"}],"curies":[{"name":"wp","href":"https:\/\/api.w.org\/{rel}","templated":true}]}}